{"id":12254,"date":"2022-04-20T05:41:00","date_gmt":"2022-04-20T05:41:00","guid":{"rendered":"https:\/\/50d306ed0c.nxcli.io\/tom-devriendt-4eme-a-paris-roubaix\/"},"modified":"2024-05-23T13:27:33","modified_gmt":"2024-05-23T13:27:33","slug":"tom-devriendt-4eme-a-paris-roubaix","status":"publish","type":"post","link":"https:\/\/cube-bikes.ca\/fr\/tom-devriendt-4eme-a-paris-roubaix\/","title":{"rendered":"Tom Devriendt (4\u00e8me) \u00e0 Paris-Roubaix"},"content":{"rendered":"\t\t<div data-elementor-type=\"wp-post\" data-elementor-id=\"12254\" class=\"elementor elementor-12254 elementor-10127\">\n\t\t\t\t<div class=\"elementor-element elementor-element-b60a76c e-flex e-con-boxed e-con e-parent\" data-id=\"b60a76c\" data-element_type=\"container\">\n\t\t\t\t\t<div class=\"e-con-inner\">\n\t\t\t\t<div class=\"elementor-element elementor-element-b058eea elementor-widget elementor-widget-text-editor\" data-id=\"b058eea\" data-element_type=\"widget\" data-widget_type=\"text-editor.default\">\n\t\t\t\t<div class=\"elementor-widget-container\">\n\t\t\t\t\t\t\t\t\t<p style=\"margin-bottom: 0px; padding-bottom: 1em; border: 0px; outline: 0px; font-size: 18px; text-size-adjust: 100%; vertical-align: baseline; background-image: initial; background-position: initial; background-size: initial; background-repeat: initial; background-attachment: initial; background-origin: initial; background-clip: initial; color: rgb(0, 0, 0); font-family: \"Roboto Condensed\", Helvetica, Arial, Lucida, sans-serif;\">L&#8217;\u00e9quipe mondiale belge a conclu sa campagne des classiques pav\u00e9es de mani\u00e8re \u00e9clatante ce dimanche \u00e0 l&#8217;occasion de la 119\u00e8me \u00e9dition de&nbsp;<b style=\"border: 0px; outline: 0px; text-size-adjust: 100%; vertical-align: baseline; background: transparent;\">Paris-Roubaix (1.UWT<\/b>).<\/p>\n<p style=\"margin-bottom: 0px; padding-bottom: 1em; border: 0px; outline: 0px; font-size: 18px; text-size-adjust: 100%; vertical-align: baseline; background-image: initial; background-position: initial; background-size: initial; background-repeat: initial; background-attachment: initial; background-origin: initial; background-clip: initial; color: rgb(0, 0, 0); font-family: \"Roboto Condensed\", Helvetica, Arial, Lucida, sans-serif;\">Avant le premier des trente secteurs pav\u00e9s, Intermarch\u00e9-Wanty-Gobert Mat\u00e9riaux \u00e9tait repr\u00e9sent\u00e9 par quatre coureurs \u00e0 l&#8217;avant : Tom Devriendt, Andrea Pasqualon, Baptiste Planckaert et K\u00e9vin Van Melsen. Apr\u00e8s plus de trois heures de poursuite, les deux pelotons se sont retrouv\u00e9s \u00e0 100 kilom\u00e8tres de l&#8217;arriv\u00e9e. Pendant ce temps, Tom Devriendt \u00e9tait isol\u00e9 \u00e0 l&#8217;avant avec quatre autres coureurs et ils formaient l&#8217;\u00e9chapp\u00e9e de cette \u00e9dition. Suite \u00e0 la succession de pav\u00e9s et de pannes m\u00e9caniques de ses concurrents, Tom Devriendt a men\u00e9 Paris-Roubaix en solitaire \u00e0 40 kilom\u00e8tres de l&#8217;arriv\u00e9e. Son effort sur 100 kilom\u00e8tres en t\u00eate de course a dur\u00e9 jusqu&#8217;\u00e0 la section de Mons-en-P\u00e9v\u00e8le. Le coureur belge a ensuite suivi le groupe men\u00e9 par Wout Van Aert jusqu&#8217;au v\u00e9lodrome, ce qui lui a permis de sprinter pour la deuxi\u00e8me place. En franchissant la ligne d&#8217;arriv\u00e9e en quatri\u00e8me position, Tom Devriendt a offert le meilleur r\u00e9sultat de l&#8217;histoire de l&#8217;\u00e9quipe dans un Monument. Son co\u00e9quipier Adrien Petit a \u00e9galement \u00e9t\u00e9 impressionnant et a pris la sixi\u00e8me place.<\/p>\n<p style=\"margin-bottom: 0px; padding-bottom: 1em; border: 0px; outline: 0px; font-size: 18px; text-size-adjust: 100%; vertical-align: baseline; background-image: initial; background-position: initial; background-size: initial; background-repeat: initial; background-attachment: initial; background-origin: initial; background-clip: initial; color: rgb(0, 0, 0); font-family: \"Roboto Condensed\", Helvetica, Arial, Lucida, sans-serif;\">La seule \u00e9quipe avec deux coureurs dans les dix premiers \u00e9tait \u00e9galement repr\u00e9sent\u00e9e par quatre autres coureurs parmi les 25 meilleurs, gr\u00e2ce \u00e0 Alexander Kristoff (12\u00e8me), Taco van der Hoorn (16\u00e8me), Andrea Pasqualon (19\u00e8me) et Baptiste Planckaert (23\u00e8me).<\/p>\n<p style=\"margin-bottom: 0px; padding-bottom: 1em; border: 0px; outline: 0px; font-size: 18px; text-size-adjust: 100%; vertical-align: baseline; background-image: initial; background-position: initial; background-size: initial; background-repeat: initial; background-attachment: initial; background-origin: initial; background-clip: initial; color: rgb(0, 0, 0); font-family: \"Roboto Condensed\", Helvetica, Arial, Lucida, sans-serif;\"><b style=\"border: 0px; outline: 0px; text-size-adjust: 100%; vertical-align: baseline; background: transparent;\">Tom Devriendt :<\/b><br \/><i style=\"border: 0px; outline: 0px; text-size-adjust: 100%; vertical-align: baseline; background: transparent;\">&#8220;C&#8217;\u00e9tait LE jour de ma vie ! Une quatri\u00e8me place dans un monument, c&#8217;est fou ! En faisant la course \u00e0 l&#8217;avant, j&#8217;ai fait une s\u00e9paration surprenante au d\u00e9but de la course et je suis rest\u00e9 en dehors des probl\u00e8mes quand beaucoup de coureurs ont chut\u00e9 sur les premiers pav\u00e9s de la journ\u00e9e. Lorsque j&#8217;ai vu l&#8217;acc\u00e9l\u00e9ration de Matej Mohoric \u00e0 100 kilom\u00e8tres de l&#8217;arriv\u00e9e, je n&#8217;ai pas h\u00e9sit\u00e9 \u00e0 le suivre. Nous \u00e9tions les plus forts dans l&#8217;\u00e9chapp\u00e9e et il \u00e9tait dommage que je ne puisse plus b\u00e9n\u00e9ficier de son travail \u00e0 l&#8217;avant apr\u00e8s sa crevaison. Quand j&#8217;\u00e9tais seul en t\u00eate, je choisissais mon propre rythme, sachant que je devais garder de l&#8217;\u00e9nergie pour le moment o\u00f9 les favoris me rejoindraient. C&#8217;\u00e9tait la premi\u00e8re fois que je me battais pour la victoire dans une classique aussi importante et j&#8217;ai vraiment d\u00fb puiser dans mes ressources. J&#8217;ai eu un moment difficile lorsque Dylan van Baarle a acc\u00e9l\u00e9r\u00e9, et j&#8217;ai d\u00fb survivre \u00e0 deux sections de pav\u00e9s. Dans le final, je vivais l&#8217;instant pr\u00e9sent et ce n&#8217;est que dans le dernier kilom\u00e8tre que j&#8217;ai vraiment r\u00e9alis\u00e9 que je courais pour un top 5 dans Paris-Roubaix. J&#8217;ai tout donn\u00e9 au sprint et je suis tr\u00e8s heureux du r\u00e9sultat !&#8221;<\/i><\/p>\n<p style=\"margin-bottom: 0px; border: 0px; outline: 0px; font-size: 18px; text-size-adjust: 100%; vertical-align: baseline; background-image: initial; background-position: initial; background-size: initial; background-repeat: initial; background-attachment: initial; background-origin: initial; background-clip: initial; color: rgb(0, 0, 0); font-family: \"Roboto Condensed\", Helvetica, Arial, Lucida, sans-serif;\"><b style=\"border: 0px; outline: 0px; text-size-adjust: 100%; vertical-align: baseline; background: transparent;\">Paris-Roubaix :<\/b><br \/>1. Dylan van Baarle<br \/>2. Wout Van Aert +1:47<br \/>3. Stefan K\u00fcng<br \/>4. Tom Devriendt<br \/>6. Adrien Petit +2:27<br \/>12. Alexander Kristoff +4:33<br \/>16. Taco van der Hoorn +4:47<br \/>19. Andrea Pasqualon<br \/>23. Baptiste Planckaert<br \/>56. K\u00e9vin Van Melsen +15:16<\/p>\n\t\t\t\t\t\t\t\t<\/div>\n\t\t\t\t<\/div>\n\t\t\t\t\t<\/div>\n\t\t\t\t<\/div>\n\t\t\t\t<\/div>\n\t\t","protected":false},"excerpt":{"rendered":"<p>L&#8217;\u00e9quipe mondiale belge a conclu sa campagne des classiques pav\u00e9es de mani\u00e8re \u00e9clatante ce dimanche \u00e0 l&#8217;occasion de la 119\u00e8me \u00e9dition de&nbsp;Paris-Roubaix (1.UWT). Avant le&#8230;<\/p>\n","protected":false},"author":1,"featured_media":12071,"comment_status":"closed","ping_status":"closed","sticky":false,"template":"","format":"standard","meta":{"footnotes":""},"categories":[16225],"tags":[],"class_list":["post-12254","post","type-post","status-publish","format-standard","has-post-thumbnail","hentry","category-actualites"],"_links":{"self":[{"href":"https:\/\/cube-bikes.ca\/fr\/wp-json\/wp\/v2\/posts\/12254","targetHints":{"allow":["GET"]}}],"collection":[{"href":"https:\/\/cube-bikes.ca\/fr\/wp-json\/wp\/v2\/posts"}],"about":[{"href":"https:\/\/cube-bikes.ca\/fr\/wp-json\/wp\/v2\/types\/post"}],"author":[{"embeddable":true,"href":"https:\/\/cube-bikes.ca\/fr\/wp-json\/wp\/v2\/users\/1"}],"replies":[{"embeddable":true,"href":"https:\/\/cube-bikes.ca\/fr\/wp-json\/wp\/v2\/comments?post=12254"}],"version-history":[{"count":2,"href":"https:\/\/cube-bikes.ca\/fr\/wp-json\/wp\/v2\/posts\/12254\/revisions"}],"predecessor-version":[{"id":12263,"href":"https:\/\/cube-bikes.ca\/fr\/wp-json\/wp\/v2\/posts\/12254\/revisions\/12263"}],"wp:featuredmedia":[{"embeddable":true,"href":"https:\/\/cube-bikes.ca\/fr\/wp-json\/wp\/v2\/media\/12071"}],"wp:attachment":[{"href":"https:\/\/cube-bikes.ca\/fr\/wp-json\/wp\/v2\/media?parent=12254"}],"wp:term":[{"taxonomy":"category","embeddable":true,"href":"https:\/\/cube-bikes.ca\/fr\/wp-json\/wp\/v2\/categories?post=12254"},{"taxonomy":"post_tag","embeddable":true,"href":"https:\/\/cube-bikes.ca\/fr\/wp-json\/wp\/v2\/tags?post=12254"}],"curies":[{"name":"wp","href":"https:\/\/api.w.org\/{rel}","templated":true}]}}