{"id":12239,"date":"2022-04-25T05:38:00","date_gmt":"2022-04-25T05:38:00","guid":{"rendered":"https:\/\/50d306ed0c.nxcli.io\/quinten-hermans-2eme-soffre-son-premier-podium-dans-un-monument\/"},"modified":"2024-05-23T13:27:34","modified_gmt":"2024-05-23T13:27:34","slug":"quinten-hermans-2eme-soffre-son-premier-podium-dans-un-monument","status":"publish","type":"post","link":"https:\/\/cube-bikes.ca\/fr\/quinten-hermans-2eme-soffre-son-premier-podium-dans-un-monument\/","title":{"rendered":"Quinten Hermans (2\u00e8me) s&#8217;offre son premier podium dans un Monument"},"content":{"rendered":"\t\t<div data-elementor-type=\"wp-post\" data-elementor-id=\"12239\" class=\"elementor elementor-12239 elementor-10115\">\n\t\t\t\t<div class=\"elementor-element elementor-element-b60a76c e-flex e-con-boxed e-con e-parent\" data-id=\"b60a76c\" data-element_type=\"container\">\n\t\t\t\t\t<div class=\"e-con-inner\">\n\t\t\t\t<div class=\"elementor-element elementor-element-b058eea elementor-widget elementor-widget-text-editor\" data-id=\"b058eea\" data-element_type=\"widget\" data-widget_type=\"text-editor.default\">\n\t\t\t\t<div class=\"elementor-widget-container\">\n\t\t\t\t\t\t\t\t\t<p style=\"margin-bottom: 0px; padding-bottom: 1em; border: 0px; outline: 0px; font-size: 18px; text-size-adjust: 100%; vertical-align: baseline; background-image: initial; background-position: initial; background-size: initial; background-repeat: initial; background-attachment: initial; background-origin: initial; background-clip: initial; color: rgb(0, 0, 0); font-family: \"Roboto Condensed\", Helvetica, Arial, Lucida, sans-serif;\">Une semaine exactement apr\u00e8s l&#8217;impressionnante performance collective de Paris-Roubaix, l&#8217;Intermarch\u00e9-Wanty-Gobert Mat\u00e9riaux a de nouveau jou\u00e9 un r\u00f4le majeur ce dimanche dans la 108\u00e8me \u00e9dition de Li\u00e8ge-Bastogne-Li\u00e8ge (1.UWT).<\/p>\n<p style=\"margin-bottom: 0px; padding-bottom: 1em; border: 0px; outline: 0px; font-size: 18px; text-size-adjust: 100%; vertical-align: baseline; background-image: initial; background-position: initial; background-size: initial; background-repeat: initial; background-attachment: initial; background-origin: initial; background-clip: initial; color: rgb(0, 0, 0); font-family: \"Roboto Condensed\", Helvetica, Arial, Lucida, sans-serif;\">Lors de son huiti\u00e8me jour de course de la saison en 2022, le coureur belge Quinten Hermans a obtenu la deuxi\u00e8me place dans La Doyenne apr\u00e8s 257 kilom\u00e8tres ou plus de six heures de course, en remportant le sprint pour la deuxi\u00e8me place \u00e0 48 secondes du vainqueur.<\/p>\n<p style=\"margin-bottom: 0px; padding-bottom: 1em; border: 0px; outline: 0px; font-size: 18px; text-size-adjust: 100%; vertical-align: baseline; background-image: initial; background-position: initial; background-size: initial; background-repeat: initial; background-attachment: initial; background-origin: initial; background-clip: initial; color: rgb(0, 0, 0); font-family: \"Roboto Condensed\", Helvetica, Arial, Lucida, sans-serif;\">En d\u00e9but de course, son co\u00e9quipier Baptiste Planckaert a r\u00e9ussi \u00e0 rejoindre l&#8217;\u00e9chapp\u00e9e de onze coureurs apr\u00e8s une longue bataille, permettant \u00e0 l&#8217;\u00e9quipe mondiale belge d&#8217;\u00eatre repr\u00e9sent\u00e9e \u00e0 l&#8217;avant pour la deuxi\u00e8me ann\u00e9e cons\u00e9cutive.<\/p>\n<p style=\"margin-bottom: 0px; padding-bottom: 1em; border: 0px; outline: 0px; font-size: 18px; text-size-adjust: 100%; vertical-align: baseline; background-image: initial; background-position: initial; background-size: initial; background-repeat: initial; background-attachment: initial; background-origin: initial; background-clip: initial; color: rgb(0, 0, 0); font-family: \"Roboto Condensed\", Helvetica, Arial, Lucida, sans-serif;\">Planckaert \u00e9tait pr\u00e9sent en t\u00eate de course jusqu&#8217;\u00e0 la C\u00f4te de Stockeu et a ensuite aid\u00e9 Simone Petilli et Jan Bakelants, impliqu\u00e9s dans la chute dans la descente de la Haute Lev\u00e9e. Quinten Hermans, Domenico Pozzovivo et Georg Zimmermann ont \u00e9vit\u00e9 la chute qui a divis\u00e9 le peloton \u00e0 60 kilom\u00e8tres de l&#8217;arriv\u00e9e et ont accompagn\u00e9 la premi\u00e8re partie du peloton jusqu&#8217;au pied de La Redoute. Hermans a suivi les meilleurs grimpeurs jusqu&#8217;\u00e0 La Roche-aux-Faucons, o\u00f9 il a d\u00fb laisser partir un groupe de dix coureurs \u00e0 la poursuite du leader Evenepoel.<\/p>\n<p style=\"margin-bottom: 0px; padding-bottom: 1em; border: 0px; outline: 0px; font-size: 18px; text-size-adjust: 100%; vertical-align: baseline; background-image: initial; background-position: initial; background-size: initial; background-repeat: initial; background-attachment: initial; background-origin: initial; background-clip: initial; color: rgb(0, 0, 0); font-family: \"Roboto Condensed\", Helvetica, Arial, Lucida, sans-serif;\">A force de pers\u00e9v\u00e9rance, le sp\u00e9cialiste du cyclocross est revenu dans le groupe dans la descente vers l&#8217;arriv\u00e9e, ce qui lui a permis de sprinter pour la deuxi\u00e8me place. Hermans a d\u00e9pass\u00e9 le champion belge Wout Van Aert dans les derniers hectom\u00e8tres et a sprint\u00e9 jusqu&#8217;\u00e0 la deuxi\u00e8me place, montant sur un podium enti\u00e8rement belge.<\/p>\n<p style=\"margin-bottom: 0px; padding-bottom: 1em; border: 0px; outline: 0px; font-size: 18px; text-size-adjust: 100%; vertical-align: baseline; background-image: initial; background-position: initial; background-size: initial; background-repeat: initial; background-attachment: initial; background-origin: initial; background-clip: initial; color: rgb(0, 0, 0); font-family: \"Roboto Condensed\", Helvetica, Arial, Lucida, sans-serif;\">Hermans a ainsi obtenu le premier podium dans un monument de l&#8217;histoire de l&#8217;\u00e9quipe et le vingti\u00e8me podium de la saison pour le Belgian World Team. Malgr\u00e9 une crevaison entre le Col du Rosier et la C\u00f4te de Desni\u00e9, Pozzovivo a r\u00e9ussi \u00e0 revenir dans le groupe des costauds et \u00e0 franchir la ligne d&#8217;arriv\u00e9e en 26\u00e8me position.<\/p>\n<p style=\"margin-bottom: 0px; padding-bottom: 1em; border: 0px; outline: 0px; font-size: 18px; text-size-adjust: 100%; vertical-align: baseline; background-image: initial; background-position: initial; background-size: initial; background-repeat: initial; background-attachment: initial; background-origin: initial; background-clip: initial; color: rgb(0, 0, 0); font-family: \"Roboto Condensed\", Helvetica, Arial, Lucida, sans-serif;\"><b style=\"border: 0px; outline: 0px; text-size-adjust: 100%; vertical-align: baseline; background: transparent;\">Quinten Hermans :&nbsp;<\/b><br \/><i style=\"border: 0px; outline: 0px; text-size-adjust: 100%; vertical-align: baseline; background: transparent;\">&#8220;Je savais que j&#8217;\u00e9tais capable de bien sprinter apr\u00e8s une course difficile. Mais je me suis surpris \u00e0 battre des coureurs aussi forts que Wout Van Aert. C&#8217;\u00e9tait une v\u00e9ritable lutte pour son sillage, mais j&#8217;\u00e9tais d\u00e9termin\u00e9 et je voulais absolument sprinter dans son sillage. J&#8217;ai senti qu&#8217;il me restait quelque chose dans les jambes pour le d\u00e9passer et j&#8217;ai donc remport\u00e9 le sprint de groupe. J&#8217;\u00e9tais d\u00e9j\u00e0 satisfait de cette performance, mais ce n&#8217;est que quelques minutes plus tard que j&#8217;ai compris que j&#8217;avais pris la deuxi\u00e8me place dans un Monument. C&#8217;est un honneur pour moi de rejoindre ces deux champions sur le podium !&#8221;<\/i><\/p>\n<p style=\"margin-bottom: 0px; border: 0px; outline: 0px; font-size: 18px; text-size-adjust: 100%; vertical-align: baseline; background-image: initial; background-position: initial; background-size: initial; background-repeat: initial; background-attachment: initial; background-origin: initial; background-clip: initial; color: rgb(0, 0, 0); font-family: \"Roboto Condensed\", Helvetica, Arial, Lucida, sans-serif;\"><b style=\"border: 0px; outline: 0px; text-size-adjust: 100%; vertical-align: baseline; background: transparent;\">Li\u00e8ge-Bastogne-Li\u00e8ge :<\/b><br \/>1.Remco Evenepoel 6:12:38<br \/>2.Quinten Hermans +0:48<br \/>3. Wout Van Aert<br \/>26.Domenico Pozzovivo +2:30<br \/>85.Jan Bakelants +13:45<br \/>94.Simone Petilli<br \/>DNF Corn\u00e9 van Kessel<br \/>DNF Baptiste Planckaert<br \/>DNF Georg Zimmermann<\/p>\n\t\t\t\t\t\t\t\t<\/div>\n\t\t\t\t<\/div>\n\t\t\t\t\t<\/div>\n\t\t\t\t<\/div>\n\t\t\t\t<\/div>\n\t\t","protected":false},"excerpt":{"rendered":"<p>Une semaine exactement apr\u00e8s l&#8217;impressionnante performance collective de Paris-Roubaix, l&#8217;Intermarch\u00e9-Wanty-Gobert Mat\u00e9riaux a de nouveau jou\u00e9 un r\u00f4le majeur ce dimanche dans la 108\u00e8me \u00e9dition de&#8230;<\/p>\n","protected":false},"author":1,"featured_media":12069,"comment_status":"closed","ping_status":"closed","sticky":false,"template":"","format":"standard","meta":{"footnotes":""},"categories":[16225],"tags":[],"class_list":["post-12239","post","type-post","status-publish","format-standard","has-post-thumbnail","hentry","category-actualites"],"_links":{"self":[{"href":"https:\/\/cube-bikes.ca\/fr\/wp-json\/wp\/v2\/posts\/12239","targetHints":{"allow":["GET"]}}],"collection":[{"href":"https:\/\/cube-bikes.ca\/fr\/wp-json\/wp\/v2\/posts"}],"about":[{"href":"https:\/\/cube-bikes.ca\/fr\/wp-json\/wp\/v2\/types\/post"}],"author":[{"embeddable":true,"href":"https:\/\/cube-bikes.ca\/fr\/wp-json\/wp\/v2\/users\/1"}],"replies":[{"embeddable":true,"href":"https:\/\/cube-bikes.ca\/fr\/wp-json\/wp\/v2\/comments?post=12239"}],"version-history":[{"count":4,"href":"https:\/\/cube-bikes.ca\/fr\/wp-json\/wp\/v2\/posts\/12239\/revisions"}],"predecessor-version":[{"id":12253,"href":"https:\/\/cube-bikes.ca\/fr\/wp-json\/wp\/v2\/posts\/12239\/revisions\/12253"}],"wp:featuredmedia":[{"embeddable":true,"href":"https:\/\/cube-bikes.ca\/fr\/wp-json\/wp\/v2\/media\/12069"}],"wp:attachment":[{"href":"https:\/\/cube-bikes.ca\/fr\/wp-json\/wp\/v2\/media?parent=12239"}],"wp:term":[{"taxonomy":"category","embeddable":true,"href":"https:\/\/cube-bikes.ca\/fr\/wp-json\/wp\/v2\/categories?post=12239"},{"taxonomy":"post_tag","embeddable":true,"href":"https:\/\/cube-bikes.ca\/fr\/wp-json\/wp\/v2\/tags?post=12239"}],"curies":[{"name":"wp","href":"https:\/\/api.w.org\/{rel}","templated":true}]}}