{"id":12238,"date":"2021-11-04T05:46:00","date_gmt":"2021-11-04T05:46:00","guid":{"rendered":"https:\/\/50d306ed0c.nxcli.io\/lucy-charles-barclay-remporte-sa-premiere-victoire-au-championnat-du-monde-dironman-70-3-sur-cube\/"},"modified":"2024-05-23T13:27:34","modified_gmt":"2024-05-23T13:27:34","slug":"lucy-charles-barclay-remporte-sa-premiere-victoire-au-championnat-du-monde-dironman-70-3-sur-cube","status":"publish","type":"post","link":"https:\/\/cube-bikes.ca\/fr\/lucy-charles-barclay-remporte-sa-premiere-victoire-au-championnat-du-monde-dironman-70-3-sur-cube\/","title":{"rendered":"LUCY CHARLES-BARCLAY REMPORTE SA PREMI\u00c8RE VICTOIRE AU CHAMPIONNAT DU MONDE D&#8217;IRONMAN 70.3 SUR CUBE"},"content":{"rendered":"\t\t<div data-elementor-type=\"wp-post\" data-elementor-id=\"12238\" class=\"elementor elementor-12238 elementor-10159\">\n\t\t\t\t<div class=\"elementor-element elementor-element-b60a76c e-flex e-con-boxed e-con e-parent\" data-id=\"b60a76c\" data-element_type=\"container\">\n\t\t\t\t\t<div class=\"e-con-inner\">\n\t\t\t\t<div class=\"elementor-element elementor-element-b058eea elementor-widget elementor-widget-text-editor\" data-id=\"b058eea\" data-element_type=\"widget\" data-widget_type=\"text-editor.default\">\n\t\t\t\t<div class=\"elementor-widget-container\">\n\t\t\t\t\t\t\t\t\t<p style=\"margin-bottom: 0px; padding-bottom: 1em; border: 0px; outline: 0px; font-size: 18px; text-size-adjust: 100%; vertical-align: baseline; background-image: initial; background-position: initial; background-size: initial; background-repeat: initial; background-attachment: initial; background-origin: initial; background-clip: initial; color: rgb(0, 0, 0); font-family: \"Roboto Condensed\", Helvetica, Arial, Lucida, sans-serif;\">La Britannique de 28 ans a r\u00e9alis\u00e9 une performance incroyable en menant le peloton de t\u00eate du d\u00e9but \u00e0 la fin des championnats du monde Ironman 70.3 \u00e0 St-George, aux \u00c9tats-Unis.<\/p>\n<p style=\"margin-bottom: 0px; padding-bottom: 1em; border: 0px; outline: 0px; font-size: 18px; text-size-adjust: 100%; vertical-align: baseline; background-image: initial; background-position: initial; background-size: initial; background-repeat: initial; background-attachment: initial; background-origin: initial; background-clip: initial; color: rgb(0, 0, 0); font-family: \"Roboto Condensed\", Helvetica, Arial, Lucida, sans-serif;\">D\u00e8s le d\u00e9part, l&#8217;ancienne nageuse d&#8217;\u00e9lite Lucy Charles-Barclay a r\u00e9ussi \u00e0 se positionner \u00e0 l&#8217;avant d&#8217;un peloton tr\u00e8s dense. Elle a rapidement pris plusieurs centaines de m\u00e8tres sur le groupe des poursuivants, avant de sortir de l&#8217;eau apr\u00e8s un peu plus de 24 minutes avec une avance de pr\u00e8s de 90 secondes.<\/p>\n<p style=\"margin-bottom: 0px; padding-bottom: 1em; border: 0px; outline: 0px; font-size: 18px; text-size-adjust: 100%; vertical-align: baseline; background-image: initial; background-position: initial; background-size: initial; background-repeat: initial; background-attachment: initial; background-origin: initial; background-clip: initial; color: rgb(0, 0, 0); font-family: \"Roboto Condensed\", Helvetica, Arial, Lucida, sans-serif;\">Charles-Barclay a ensuite pris un rythme effr\u00e9n\u00e9 sur les 90 km de v\u00e9lo, o\u00f9 elle a clairement indiqu\u00e9 que la victoire du jour lui appartenait. La Britannique Lucy a r\u00e9alis\u00e9 le meilleur temps \u00e0 v\u00e9lo de la journ\u00e9e (2:14:59) sur son CUBE Aerium C:68 et, \u00e0 T2, elle avait port\u00e9 son avance \u00e0 pr\u00e8s de cinq minutes sur la deuxi\u00e8me, Taylor Knibb (m\u00e9daill\u00e9e d&#8217;argent \u00e0 Tokyo), et \u00e0 plus de six minutes sur la d\u00e9tentrice de plusieurs titres de championne du monde Ironman et Ironman 70.3, Daniela Ryf.<\/p>\n<p style=\"margin-bottom: 0px; border: 0px; outline: 0px; font-size: 18px; text-size-adjust: 100%; vertical-align: baseline; background-image: initial; background-position: initial; background-size: initial; background-repeat: initial; background-attachment: initial; background-origin: initial; background-clip: initial; color: rgb(0, 0, 0); font-family: \"Roboto Condensed\", Helvetica, Arial, Lucida, sans-serif;\">Lucy a conclu l&#8217;affaire avec un temps de 1:18:48 pour le semi-marathon, une d\u00e9monstration fantastique de sa force de course et une r\u00e9compense \u00e9norme pour tout son entra\u00eenement acharn\u00e9. Apr\u00e8s un temps total de 4:00:20 sur le parcours, Charles-Barclay a remport\u00e9 la victoire avec une marge de plus de huit minutes sur sa dauphine Jeanni Metzler et la m\u00e9daill\u00e9e de bronze Taylor Knibb. Avec d\u00e9j\u00e0 plusieurs m\u00e9dailles d&#8217;argent \u00e0 son actif, ce titre de championne du monde marque la premi\u00e8re mont\u00e9e de Lucy Charles-Barclay sur la plus haute marche du podium mondial.<\/p>\n\t\t\t\t\t\t\t\t<\/div>\n\t\t\t\t<\/div>\n\t\t\t\t\t<\/div>\n\t\t\t\t<\/div>\n\t\t\t\t<\/div>\n\t\t","protected":false},"excerpt":{"rendered":"<p>La Britannique de 28 ans a r\u00e9alis\u00e9 une performance incroyable en menant le peloton de t\u00eate du d\u00e9but \u00e0 la fin des championnats du monde&#8230;<\/p>\n","protected":false},"author":1,"featured_media":12075,"comment_status":"closed","ping_status":"closed","sticky":false,"template":"","format":"standard","meta":{"footnotes":""},"categories":[16225],"tags":[],"class_list":["post-12238","post","type-post","status-publish","format-standard","has-post-thumbnail","hentry","category-actualites"],"_links":{"self":[{"href":"https:\/\/cube-bikes.ca\/fr\/wp-json\/wp\/v2\/posts\/12238","targetHints":{"allow":["GET"]}}],"collection":[{"href":"https:\/\/cube-bikes.ca\/fr\/wp-json\/wp\/v2\/posts"}],"about":[{"href":"https:\/\/cube-bikes.ca\/fr\/wp-json\/wp\/v2\/types\/post"}],"author":[{"embeddable":true,"href":"https:\/\/cube-bikes.ca\/fr\/wp-json\/wp\/v2\/users\/1"}],"replies":[{"embeddable":true,"href":"https:\/\/cube-bikes.ca\/fr\/wp-json\/wp\/v2\/comments?post=12238"}],"version-history":[{"count":4,"href":"https:\/\/cube-bikes.ca\/fr\/wp-json\/wp\/v2\/posts\/12238\/revisions"}],"predecessor-version":[{"id":12260,"href":"https:\/\/cube-bikes.ca\/fr\/wp-json\/wp\/v2\/posts\/12238\/revisions\/12260"}],"wp:featuredmedia":[{"embeddable":true,"href":"https:\/\/cube-bikes.ca\/fr\/wp-json\/wp\/v2\/media\/12075"}],"wp:attachment":[{"href":"https:\/\/cube-bikes.ca\/fr\/wp-json\/wp\/v2\/media?parent=12238"}],"wp:term":[{"taxonomy":"category","embeddable":true,"href":"https:\/\/cube-bikes.ca\/fr\/wp-json\/wp\/v2\/categories?post=12238"},{"taxonomy":"post_tag","embeddable":true,"href":"https:\/\/cube-bikes.ca\/fr\/wp-json\/wp\/v2\/tags?post=12238"}],"curies":[{"name":"wp","href":"https:\/\/api.w.org\/{rel}","templated":true}]}}