{"id":12232,"date":"2022-07-27T05:24:00","date_gmt":"2022-07-27T05:24:00","guid":{"rendered":"https:\/\/50d306ed0c.nxcli.io\/max-hartenstern-est-champion-national-dallemagne\/"},"modified":"2024-05-23T13:27:34","modified_gmt":"2024-05-23T13:27:34","slug":"max-hartenstern-est-champion-national-dallemagne","status":"publish","type":"post","link":"https:\/\/cube-bikes.ca\/fr\/max-hartenstern-est-champion-national-dallemagne\/","title":{"rendered":"Max Hartenstern est champion national d&#8217;Allemagne"},"content":{"rendered":"\t\t<div data-elementor-type=\"wp-post\" data-elementor-id=\"12232\" class=\"elementor elementor-12232 elementor-10054\">\n\t\t\t\t<div class=\"elementor-element elementor-element-b60a76c e-flex e-con-boxed e-con e-parent\" data-id=\"b60a76c\" data-element_type=\"container\">\n\t\t\t\t\t<div class=\"e-con-inner\">\n\t\t\t\t<div class=\"elementor-element elementor-element-b058eea elementor-widget elementor-widget-text-editor\" data-id=\"b058eea\" data-element_type=\"widget\" data-widget_type=\"text-editor.default\">\n\t\t\t\t<div class=\"elementor-widget-container\">\n\t\t\t\t\t\t\t\t\t<p style=\"margin-bottom: 0px; padding-bottom: 1em; border: 0px; outline: 0px; font-size: 18px; text-size-adjust: 100%; vertical-align: baseline; background-image: initial; background-position: initial; background-size: initial; background-repeat: initial; background-attachment: initial; background-origin: initial; background-clip: initial; color: rgb(0, 0, 0); font-family: \"Roboto Condensed\", Helvetica, Arial, Lucida, sans-serif;\">Dimanche dernier, 24.07.2022, le championnat allemand de descente s&#8217;est d\u00e9roul\u00e9 dans le cadre de l&#8217;iXS Downhill Cup sur le site traditionnel d&#8217;Ilmenau. Le parcours du Lindenberg a une fois de plus \u00e9t\u00e9 soigneusement pr\u00e9par\u00e9 pour l&#8217;occasion et le parcours d&#8217;environ 1,5 kilom\u00e8tre de long avec 220 m\u00e8tres d&#8217;altitude a \u00e9t\u00e9 transform\u00e9 en un lieu de d\u00e9fi pour la course la plus importante de la sc\u00e8ne allemande de la descente.<\/p>\n<p style=\"margin-bottom: 0px; padding-bottom: 1em; border: 0px; outline: 0px; font-size: 18px; text-size-adjust: 100%; vertical-align: baseline; background-image: initial; background-position: initial; background-size: initial; background-repeat: initial; background-attachment: initial; background-origin: initial; background-clip: initial; color: rgb(0, 0, 0); font-family: \"Roboto Condensed\", Helvetica, Arial, Lucida, sans-serif;\">Max Hartenstern du CUBE Factory Racing Team \u00e9tait d\u00e9j\u00e0 en t\u00eate samedi apr\u00e8s-midi lors de la manche de qualification et a pu gagner deux secondes et demie sur ses concurrents avec un temps de 1:55.566 minutes. Dimanche, il s&#8217;est montr\u00e9 \u00e0 la hauteur de son r\u00f4le de favori et s&#8217;est assur\u00e9 le titre de champion d&#8217;Allemagne avec une course sans faute et deux secondes d&#8217;avance. Pour Hartenstern, il s&#8217;agit d\u00e9j\u00e0 du 6\u00e8me titre dans la classe \u00e9lite.<\/p>\n<p style=\"margin-bottom: 0px; border: 0px; outline: 0px; font-size: 18px; text-size-adjust: 100%; vertical-align: baseline; background-image: initial; background-position: initial; background-size: initial; background-repeat: initial; background-attachment: initial; background-origin: initial; background-clip: initial; color: rgb(0, 0, 0); font-family: \"Roboto Condensed\", Helvetica, Arial, Lucida, sans-serif;\"><b style=\"border: 0px; outline: 0px; text-size-adjust: 100%; vertical-align: baseline; background: transparent;\">Max Hartenstern :<\/b><br \/><i style=\"border: 0px; outline: 0px; text-size-adjust: 100%; vertical-align: baseline; background: transparent;\">&#8220;Le week-end a de nouveau commenc\u00e9 difficilement et j&#8217;ai chut\u00e9 dans la premi\u00e8re manche. Puis, dans la deuxi\u00e8me manche, j&#8217;ai \u00e9galement eu un peu de mal. Finalement, j&#8217;ai r\u00e9ussi \u00e0 m&#8217;en sortir et j&#8217;ai remport\u00e9 la victoire. Je suis vraiment heureux d&#8217;avoir pu r\u00e9cup\u00e9rer le maillot de champion d&#8217;Allemagne et que tout se soit bien pass\u00e9 \u00e0 la fin. Maintenant, je suis pr\u00eat pour l&#8217;Am\u00e9rique et les prochaines Coupes du monde de descente.<\/i><\/p>\n\t\t\t\t\t\t\t\t<\/div>\n\t\t\t\t<\/div>\n\t\t\t\t\t<\/div>\n\t\t\t\t<\/div>\n\t\t\t\t<\/div>\n\t\t","protected":false},"excerpt":{"rendered":"<p>Dimanche dernier, 24.07.2022, le championnat allemand de descente s&#8217;est d\u00e9roul\u00e9 dans le cadre de l&#8217;iXS Downhill Cup sur le site traditionnel d&#8217;Ilmenau. Le parcours du&#8230;<\/p>\n","protected":false},"author":1,"featured_media":12060,"comment_status":"closed","ping_status":"closed","sticky":false,"template":"","format":"standard","meta":{"footnotes":""},"categories":[16225],"tags":[],"class_list":["post-12232","post","type-post","status-publish","format-standard","has-post-thumbnail","hentry","category-actualites"],"_links":{"self":[{"href":"https:\/\/cube-bikes.ca\/fr\/wp-json\/wp\/v2\/posts\/12232","targetHints":{"allow":["GET"]}}],"collection":[{"href":"https:\/\/cube-bikes.ca\/fr\/wp-json\/wp\/v2\/posts"}],"about":[{"href":"https:\/\/cube-bikes.ca\/fr\/wp-json\/wp\/v2\/types\/post"}],"author":[{"embeddable":true,"href":"https:\/\/cube-bikes.ca\/fr\/wp-json\/wp\/v2\/users\/1"}],"replies":[{"embeddable":true,"href":"https:\/\/cube-bikes.ca\/fr\/wp-json\/wp\/v2\/comments?post=12232"}],"version-history":[{"count":4,"href":"https:\/\/cube-bikes.ca\/fr\/wp-json\/wp\/v2\/posts\/12232\/revisions"}],"predecessor-version":[{"id":12276,"href":"https:\/\/cube-bikes.ca\/fr\/wp-json\/wp\/v2\/posts\/12232\/revisions\/12276"}],"wp:featuredmedia":[{"embeddable":true,"href":"https:\/\/cube-bikes.ca\/fr\/wp-json\/wp\/v2\/media\/12060"}],"wp:attachment":[{"href":"https:\/\/cube-bikes.ca\/fr\/wp-json\/wp\/v2\/media?parent=12232"}],"wp:term":[{"taxonomy":"category","embeddable":true,"href":"https:\/\/cube-bikes.ca\/fr\/wp-json\/wp\/v2\/categories?post=12232"},{"taxonomy":"post_tag","embeddable":true,"href":"https:\/\/cube-bikes.ca\/fr\/wp-json\/wp\/v2\/tags?post=12232"}],"curies":[{"name":"wp","href":"https:\/\/api.w.org\/{rel}","templated":true}]}}