{"id":12230,"date":"2022-05-17T05:37:00","date_gmt":"2022-05-17T05:37:00","guid":{"rendered":"https:\/\/50d306ed0c.nxcli.io\/biniam-girmay-remporte-la-10eme-etape-du-giro-ditalia\/"},"modified":"2024-05-23T13:27:33","modified_gmt":"2024-05-23T13:27:33","slug":"biniam-girmay-remporte-la-10eme-etape-du-giro-ditalia","status":"publish","type":"post","link":"https:\/\/cube-bikes.ca\/fr\/biniam-girmay-remporte-la-10eme-etape-du-giro-ditalia\/","title":{"rendered":"Biniam Girmay remporte la 10\u00e8me \u00e9tape du Giro d&#8217;Italia"},"content":{"rendered":"\t\t<div data-elementor-type=\"wp-post\" data-elementor-id=\"12230\" class=\"elementor elementor-12230 elementor-10109\">\n\t\t\t\t<div class=\"elementor-element elementor-element-b60a76c e-flex e-con-boxed e-con e-parent\" data-id=\"b60a76c\" data-element_type=\"container\">\n\t\t\t\t\t<div class=\"e-con-inner\">\n\t\t\t\t<div class=\"elementor-element elementor-element-b058eea elementor-widget elementor-widget-text-editor\" data-id=\"b058eea\" data-element_type=\"widget\" data-widget_type=\"text-editor.default\">\n\t\t\t\t<div class=\"elementor-widget-container\">\n\t\t\t\t\t\t\t\t\t<p style=\"margin-bottom: 0px; padding-bottom: 1em; border: 0px; outline: 0px; font-size: 18px; text-size-adjust: 100%; vertical-align: baseline; background-image: initial; background-position: initial; background-size: initial; background-repeat: initial; background-attachment: initial; background-origin: initial; background-clip: initial; color: rgb(0, 0, 0); font-family: \"Roboto Condensed\", Helvetica, Arial, Lucida, sans-serif;\">Les coureurs de l&#8217;Intermarch\u00e9-Wanty-Gobert Mat\u00e9riaux ont permis \u00e0 Biniam Girmay Hailu d&#8217;\u00e9crire une nouvelle page de l&#8217;histoire du cyclisme \u00e0 l&#8217;issue de la dixi\u00e8me \u00e9tape du Tour d&#8217;Italie. Pour son premier Grand Tour, le coureur \u00e9rythr\u00e9en de 22 ans a triomph\u00e9 sur sa Litening C:68X au terme d&#8217;une \u00e9tape de 196 kilom\u00e8tres entre Pescara et Jesi, en battant Mathieu van der Poel au sprint du peloton.<\/p>\n<p style=\"margin-bottom: 0px; padding-bottom: 1em; border: 0px; outline: 0px; font-size: 18px; text-size-adjust: 100%; vertical-align: baseline; background-image: initial; background-position: initial; background-size: initial; background-repeat: initial; background-attachment: initial; background-origin: initial; background-clip: initial; color: rgb(0, 0, 0); font-family: \"Roboto Condensed\", Helvetica, Arial, Lucida, sans-serif;\">Rota et Pozzovivo ont men\u00e9 le peloton sous le drapeau rouge pour lancer Girmay. Il a commenc\u00e9 son effort \u00e0 300 m\u00e8tres de l&#8217;arriv\u00e9e et a r\u00e9sist\u00e9 \u00e0 van der Poel, obtenant le huiti\u00e8me succ\u00e8s de l&#8217;\u00e9quipe en 2022. Gr\u00e2ce \u00e0 cette victoire historique, Girmay n&#8217;est plus qu&#8217;\u00e0 trois points d&#8217;Arnaud D\u00e9mare dans la lutte pour le maglia ciclamino.<\/p>\n<p style=\"margin-bottom: 0px; border: 0px; outline: 0px; font-size: 18px; text-size-adjust: 100%; vertical-align: baseline; background-image: initial; background-position: initial; background-size: initial; background-repeat: initial; background-attachment: initial; background-origin: initial; background-clip: initial; color: rgb(0, 0, 0); font-family: \"Roboto Condensed\", Helvetica, Arial, Lucida, sans-serif;\">Biniam Girmay Hailu :<br \/>&#8220;Nous sommes venus \u00e0 ce Giro avec l&#8217;objectif de gagner une \u00e9tape, sachant que si je r\u00e9ussissais, j&#8217;entrerais dans l&#8217;histoire du cyclisme. Apr\u00e8s avoir termin\u00e9 plusieurs fois dans les cinq premiers, je suis devenu le premier Africain noir \u00e0 remporter une \u00e9tape du Grand Tour ! Je suis tellement reconnaissant du soutien de mes co\u00e9quipiers, du personnel, de ma famille, de tous ceux qui m&#8217;encouragent ! Ils sont l\u00e0 pour moi tous les jours, cette victoire leur appartient. Mes co\u00e9quipiers ont tous roul\u00e9 \u00e0 l&#8217;avant pour moi. Barnab\u00e1s Pe\u00e1k, Lo\u00efc Vliegen, Aim\u00e9 De Gendt, Rein Taaram\u00e4e, Lorenzo Rota et m\u00eame nos coureurs GC Jan Hirt et Domenico Pozzovivo ont tout donn\u00e9 pour que je puisse remporter cette victoire. Dans les 600 derniers m\u00e8tres, Domenico m&#8217;a cri\u00e9 que je devais le suivre. Il m&#8217;a parfaitement lanc\u00e9. Cette victoire me rend tr\u00e8s heureux !<\/p>\n\t\t\t\t\t\t\t\t<\/div>\n\t\t\t\t<\/div>\n\t\t\t\t\t<\/div>\n\t\t\t\t<\/div>\n\t\t\t\t<\/div>\n\t\t","protected":false},"excerpt":{"rendered":"<p>Les coureurs de l&#8217;Intermarch\u00e9-Wanty-Gobert Mat\u00e9riaux ont permis \u00e0 Biniam Girmay Hailu d&#8217;\u00e9crire une nouvelle page de l&#8217;histoire du cyclisme \u00e0 l&#8217;issue de la dixi\u00e8me \u00e9tape&#8230;<\/p>\n","protected":false},"author":1,"featured_media":12068,"comment_status":"closed","ping_status":"closed","sticky":false,"template":"","format":"standard","meta":{"footnotes":""},"categories":[16225],"tags":[],"class_list":["post-12230","post","type-post","status-publish","format-standard","has-post-thumbnail","hentry","category-actualites"],"_links":{"self":[{"href":"https:\/\/cube-bikes.ca\/fr\/wp-json\/wp\/v2\/posts\/12230","targetHints":{"allow":["GET"]}}],"collection":[{"href":"https:\/\/cube-bikes.ca\/fr\/wp-json\/wp\/v2\/posts"}],"about":[{"href":"https:\/\/cube-bikes.ca\/fr\/wp-json\/wp\/v2\/types\/post"}],"author":[{"embeddable":true,"href":"https:\/\/cube-bikes.ca\/fr\/wp-json\/wp\/v2\/users\/1"}],"replies":[{"embeddable":true,"href":"https:\/\/cube-bikes.ca\/fr\/wp-json\/wp\/v2\/comments?post=12230"}],"version-history":[{"count":4,"href":"https:\/\/cube-bikes.ca\/fr\/wp-json\/wp\/v2\/posts\/12230\/revisions"}],"predecessor-version":[{"id":12242,"href":"https:\/\/cube-bikes.ca\/fr\/wp-json\/wp\/v2\/posts\/12230\/revisions\/12242"}],"wp:featuredmedia":[{"embeddable":true,"href":"https:\/\/cube-bikes.ca\/fr\/wp-json\/wp\/v2\/media\/12068"}],"wp:attachment":[{"href":"https:\/\/cube-bikes.ca\/fr\/wp-json\/wp\/v2\/media?parent=12230"}],"wp:term":[{"taxonomy":"category","embeddable":true,"href":"https:\/\/cube-bikes.ca\/fr\/wp-json\/wp\/v2\/categories?post=12230"},{"taxonomy":"post_tag","embeddable":true,"href":"https:\/\/cube-bikes.ca\/fr\/wp-json\/wp\/v2\/tags?post=12230"}],"curies":[{"name":"wp","href":"https:\/\/api.w.org\/{rel}","templated":true}]}}