{"id":12222,"date":"2022-03-18T05:45:00","date_gmt":"2022-03-18T05:45:00","guid":{"rendered":"https:\/\/50d306ed0c.nxcli.io\/biniam-girmay-entre-dans-lhistoire\/"},"modified":"2024-05-23T13:27:34","modified_gmt":"2024-05-23T13:27:34","slug":"biniam-girmay-entre-dans-lhistoire","status":"publish","type":"post","link":"https:\/\/cube-bikes.ca\/fr\/biniam-girmay-entre-dans-lhistoire\/","title":{"rendered":"Biniam Girmay entre dans l&#8217;histoire"},"content":{"rendered":"\t\t<div data-elementor-type=\"wp-post\" data-elementor-id=\"12222\" class=\"elementor elementor-12222 elementor-10153\">\n\t\t\t\t<div class=\"elementor-element elementor-element-b60a76c e-flex e-con-boxed e-con e-parent\" data-id=\"b60a76c\" data-element_type=\"container\">\n\t\t\t\t\t<div class=\"e-con-inner\">\n\t\t\t\t<div class=\"elementor-element elementor-element-b058eea elementor-widget elementor-widget-text-editor\" data-id=\"b058eea\" data-element_type=\"widget\" data-widget_type=\"text-editor.default\">\n\t\t\t\t<div class=\"elementor-widget-container\">\n\t\t\t\t\t\t\t\t\t<p style=\"margin-bottom: 0px; padding-bottom: 1em; border: 0px; outline: 0px; font-size: 18px; text-size-adjust: 100%; vertical-align: baseline; background-image: initial; background-position: initial; background-size: initial; background-repeat: initial; background-attachment: initial; background-origin: initial; background-clip: initial; color: rgb(0, 0, 0); font-family: \"Roboto Condensed\", Helvetica, Arial, Lucida, sans-serif;\">Le dimanche 27 mars, le coureur \u00e9rythr\u00e9en Biniam Girmay a offert un succ\u00e8s historique \u00e0 Intermarch\u00e9-Wanty-Gobert Mat\u00e9riaux en remportant Gand-Wevelgem (2.UWT). \u00c0 l&#8217;\u00e2ge de 21 ans, le coureur d&#8217;Asmara est devenu le premier coureur africain \u00e0 remporter une classique du World Tour, et le premier coureur de l&#8217;\u00e9quipe \u00e0 remporter une classique du World Tour flamand.<\/p>\n<p style=\"margin-bottom: 0px; padding-bottom: 1em; border: 0px; outline: 0px; font-size: 18px; text-size-adjust: 100%; vertical-align: baseline; background-image: initial; background-position: initial; background-size: initial; background-repeat: initial; background-attachment: initial; background-origin: initial; background-clip: initial; color: rgb(0, 0, 0); font-family: \"Roboto Condensed\", Helvetica, Arial, Lucida, sans-serif;\">Apr\u00e8s son incroyable performance dans l&#8217;E3 Classic trois jours auparavant, Biniam Girmay a gagn\u00e9 au sprint avec quatre coureurs apr\u00e8s avoir lanc\u00e9 son effort 250 m\u00e8tres avant la ligne de la course de 248 kilom\u00e8tres. Pour sa premi\u00e8re participation \u00e0 la course, Girmay a conclu une performance collective exemplaire de l&#8217;\u00e9quipe de Jean-Fran\u00e7ois Bourlart, qui pouvait \u00e9galement compter sur la pr\u00e9sence d&#8217;Alexander Kristoff (11\u00e8me), Andrea Pasqualon (14\u00e8me) et Adrien Petit (38\u00e8me) dans le premier groupe de chasse \u00e0 8 secondes du vainqueur.<\/p>\n<p style=\"margin-bottom: 0px; padding-bottom: 1em; border: 0px; outline: 0px; font-size: 18px; text-size-adjust: 100%; vertical-align: baseline; background-image: initial; background-position: initial; background-size: initial; background-repeat: initial; background-attachment: initial; background-origin: initial; background-clip: initial; color: rgb(0, 0, 0); font-family: \"Roboto Condensed\", Helvetica, Arial, Lucida, sans-serif;\"><b style=\"border: 0px; outline: 0px; text-size-adjust: 100%; vertical-align: baseline; background: transparent;\">Biniam Girmay :<\/b><br \/><i style=\"border: 0px; outline: 0px; text-size-adjust: 100%; vertical-align: baseline; background: transparent;\">&#8220;Cette victoire historique est tellement importante pour moi, pour mon \u00e9quipe, pour le cyclisme africain ! Depuis la E3 Classic, ma toute premi\u00e8re classique flamande, je suis tomb\u00e9 amoureux des pav\u00e9s. Je n&#8217;ai pas h\u00e9sit\u00e9 un instant lorsque l&#8217;\u00e9quipe m&#8217;a propos\u00e9 de conclure mon printemps avec Gand-Wevelgem ce dimanche. Je n&#8217;aurais jamais imagin\u00e9 terminer cette journ\u00e9e par une victoire, car il est tr\u00e8s difficile de courir les classiques flamandes sans exp\u00e9rience. Je tiens \u00e0 remercier mon \u00e9quipe pour la confiance qu&#8217;elle a plac\u00e9e en moi. Dans chaque course, je peux compter sur le soutien inconditionnel de mes co\u00e9quipiers. J&#8217;ai lanc\u00e9 mon sprint \u00e0 250 m\u00e8tres de l&#8217;arriv\u00e9e, j&#8217;ai ferm\u00e9 les yeux et j&#8217;ai donn\u00e9 tout ce qu&#8217;il me restait. Je ne r\u00e9alise pas encore ce qui s&#8217;est pass\u00e9, je viens de devenir le premier coureur africain \u00e0 gagner une classique !<\/i><\/p>\n<p style=\"margin-bottom: 0px; padding-bottom: 1em; border: 0px; outline: 0px; font-size: 18px; text-size-adjust: 100%; vertical-align: baseline; background-image: initial; background-position: initial; background-size: initial; background-repeat: initial; background-attachment: initial; background-origin: initial; background-clip: initial; color: rgb(0, 0, 0); font-family: \"Roboto Condensed\", Helvetica, Arial, Lucida, sans-serif;\">&nbsp;<\/p>\n<p style=\"margin-bottom: 0px; border: 0px; outline: 0px; font-size: 18px; text-size-adjust: 100%; vertical-align: baseline; background-image: initial; background-position: initial; background-size: initial; background-repeat: initial; background-attachment: initial; background-origin: initial; background-clip: initial; color: rgb(0, 0, 0); font-family: \"Roboto Condensed\", Helvetica, Arial, Lucida, sans-serif;\"><b style=\"border: 0px; outline: 0px; text-size-adjust: 100%; vertical-align: baseline; background: transparent;\">Gent-Wevelgem :<\/b><br \/>1.Biniam Girmay Hailu<br \/>2. Christophe Laporte<br \/>3. Dries Van Gestel<br \/>11.Alexander Kristoff +0:08<br \/>14.Andrea Pasqualon<br \/>38 Adrien Petit<br \/>52.Aim\u00e9 De Gendt<br \/>DNF Kevin Van Melsen<br \/>DNF Taco van der Hoorn<\/p>\n\t\t\t\t\t\t\t\t<\/div>\n\t\t\t\t<\/div>\n\t\t\t\t\t<\/div>\n\t\t\t\t<\/div>\n\t\t\t\t<\/div>\n\t\t","protected":false},"excerpt":{"rendered":"<p>Le dimanche 27 mars, le coureur \u00e9rythr\u00e9en Biniam Girmay a offert un succ\u00e8s historique \u00e0 Intermarch\u00e9-Wanty-Gobert Mat\u00e9riaux en remportant Gand-Wevelgem (2.UWT). \u00c0 l&#8217;\u00e2ge de 21&#8230;<\/p>\n","protected":false},"author":1,"featured_media":12074,"comment_status":"closed","ping_status":"closed","sticky":false,"template":"","format":"standard","meta":{"footnotes":""},"categories":[16225],"tags":[],"class_list":["post-12222","post","type-post","status-publish","format-standard","has-post-thumbnail","hentry","category-actualites"],"_links":{"self":[{"href":"https:\/\/cube-bikes.ca\/fr\/wp-json\/wp\/v2\/posts\/12222","targetHints":{"allow":["GET"]}}],"collection":[{"href":"https:\/\/cube-bikes.ca\/fr\/wp-json\/wp\/v2\/posts"}],"about":[{"href":"https:\/\/cube-bikes.ca\/fr\/wp-json\/wp\/v2\/types\/post"}],"author":[{"embeddable":true,"href":"https:\/\/cube-bikes.ca\/fr\/wp-json\/wp\/v2\/users\/1"}],"replies":[{"embeddable":true,"href":"https:\/\/cube-bikes.ca\/fr\/wp-json\/wp\/v2\/comments?post=12222"}],"version-history":[{"count":4,"href":"https:\/\/cube-bikes.ca\/fr\/wp-json\/wp\/v2\/posts\/12222\/revisions"}],"predecessor-version":[{"id":12249,"href":"https:\/\/cube-bikes.ca\/fr\/wp-json\/wp\/v2\/posts\/12222\/revisions\/12249"}],"wp:featuredmedia":[{"embeddable":true,"href":"https:\/\/cube-bikes.ca\/fr\/wp-json\/wp\/v2\/media\/12074"}],"wp:attachment":[{"href":"https:\/\/cube-bikes.ca\/fr\/wp-json\/wp\/v2\/media?parent=12222"}],"wp:term":[{"taxonomy":"category","embeddable":true,"href":"https:\/\/cube-bikes.ca\/fr\/wp-json\/wp\/v2\/categories?post=12222"},{"taxonomy":"post_tag","embeddable":true,"href":"https:\/\/cube-bikes.ca\/fr\/wp-json\/wp\/v2\/tags?post=12222"}],"curies":[{"name":"wp","href":"https:\/\/api.w.org\/{rel}","templated":true}]}}