{"id":12213,"date":"2022-06-29T05:29:00","date_gmt":"2022-06-29T05:29:00","guid":{"rendered":"https:\/\/50d306ed0c.nxcli.io\/cube-et-intermarche-wanty-gobert-materiaux-annoncent-la-prolongation-de-leur-contrat\/"},"modified":"2024-05-23T13:27:34","modified_gmt":"2024-05-23T13:27:34","slug":"cube-et-intermarche-wanty-gobert-materiaux-annoncent-la-prolongation-de-leur-contrat","status":"publish","type":"post","link":"https:\/\/cube-bikes.ca\/fr\/cube-et-intermarche-wanty-gobert-materiaux-annoncent-la-prolongation-de-leur-contrat\/","title":{"rendered":"CUBE et Intermarch\u00e9-Wanty-Gobert Mat\u00e9riaux annoncent la prolongation de leur contrat"},"content":{"rendered":"\t\t<div data-elementor-type=\"wp-post\" data-elementor-id=\"12213\" class=\"elementor elementor-12213 elementor-10073\">\n\t\t\t\t<div class=\"elementor-element elementor-element-b60a76c e-flex e-con-boxed e-con e-parent\" data-id=\"b60a76c\" data-element_type=\"container\">\n\t\t\t\t\t<div class=\"e-con-inner\">\n\t\t\t\t<div class=\"elementor-element elementor-element-54237c8 elementor-widget elementor-widget-text-editor\" data-id=\"54237c8\" data-element_type=\"widget\" data-widget_type=\"text-editor.default\">\n\t\t\t\t<div class=\"elementor-widget-container\">\n\t\t\t\t\t\t\t\t\t<p><i style=\"border: 0px; outline: 0px; font-size: 18px; text-size-adjust: 100%; vertical-align: baseline; background-image: initial; background-position: initial; background-size: initial; background-repeat: initial; background-attachment: initial; background-origin: initial; background-clip: initial; color: #000000; font-family: 'Roboto Condensed', Helvetica, Arial, Lucida, sans-serif;\">Le fabricant de v\u00e9los allemand et l&#8217;UCI WorldTeam belge prolongent leur partenariat, entam\u00e9 en 2015, pour trois ann\u00e9es suppl\u00e9mentaires.<\/i><\/p>\n\t\t\t\t\t\t\t\t<\/div>\n\t\t\t\t<\/div>\n\t\t\t\t<div class=\"elementor-element elementor-element-b058eea elementor-widget elementor-widget-text-editor\" data-id=\"b058eea\" data-element_type=\"widget\" data-widget_type=\"text-editor.default\">\n\t\t\t\t<div class=\"elementor-widget-container\">\n\t\t\t\t\t\t\t\t\t<p style=\"margin-bottom: 0px; padding-bottom: 1em; border: 0px; outline: 0px; font-size: 18px; text-size-adjust: 100%; vertical-align: baseline; background-image: initial; background-position: initial; background-size: initial; background-repeat: initial; background-attachment: initial; background-origin: initial; background-clip: initial; color: rgb(0, 0, 0); font-family: \"Roboto Condensed\", Helvetica, Arial, Lucida, sans-serif;\">CUBE et Intermarch\u00e9-Wanty-Gobert Mat\u00e9riaux annoncent la prolongation de leur partenariat en amont du Tour de France. Les deux parties tiennent \u00e0 souligner leur intention de poursuivre dans la m\u00eame voie afin d&#8217;atteindre leur objectif commun, \u00e0 savoir de nouveaux succ\u00e8s de classe mondiale.<\/p>\n<blockquote style=\"margin-top: 20px; margin-bottom: 30px; padding-top: 0px; padding-bottom: 0px; padding-left: 20px; border-width: 0px 0px 0px 5px; border-top-style: initial; border-right-style: initial; border-bottom-style: initial; border-left-style: solid; border-color: rgb(224, 43, 32); border-image: initial; outline: 0px; font-size: 18px; text-size-adjust: 100%; vertical-align: baseline; background-image: initial; background-position: initial; background-size: initial; background-repeat: initial; background-attachment: initial; background-origin: initial; background-clip: initial; quotes: none; color: rgb(0, 0, 0); font-family: \"Roboto Condensed\", Helvetica, Arial, Lucida, sans-serif; font-style: normal;\">\n<p style=\"border: 0px; outline: 0px; font-size: 18px; text-size-adjust: 100%; vertical-align: baseline; background: transparent;\">&#8220;Il est important pour nous d&#8217;\u00e9tablir des relations \u00e0 long terme, et cette prolongation de contrat est un nouveau t\u00e9moignage de notre solide partenariat&#8221;, d\u00e9clare Marcus P\u00fcrner, fondateur et propri\u00e9taire de CUBE.<\/p>\n<\/blockquote>\n<p style=\"margin-bottom: 0px; padding-bottom: 1em; border: 0px; outline: 0px; font-size: 18px; text-size-adjust: 100%; vertical-align: baseline; background-image: initial; background-position: initial; background-size: initial; background-repeat: initial; background-attachment: initial; background-origin: initial; background-clip: initial; color: rgb(0, 0, 0); font-family: \"Roboto Condensed\", Helvetica, Arial, Lucida, sans-serif;\">Chris Archer (responsable des ventes mondiales chez CUBE) :<\/p>\n<blockquote style=\"margin-top: 20px; margin-bottom: 30px; padding-top: 0px; padding-bottom: 0px; padding-left: 20px; border-width: 0px 0px 0px 5px; border-top-style: initial; border-right-style: initial; border-bottom-style: initial; border-left-style: solid; border-color: rgb(224, 43, 32); border-image: initial; outline: 0px; font-size: 18px; text-size-adjust: 100%; vertical-align: baseline; background-image: initial; background-position: initial; background-size: initial; background-repeat: initial; background-attachment: initial; background-origin: initial; background-clip: initial; quotes: none; color: rgb(0, 0, 0); font-family: \"Roboto Condensed\", Helvetica, Arial, Lucida, sans-serif; font-style: normal;\">\n<p style=\"border: 0px; outline: 0px; font-size: 18px; text-size-adjust: 100%; vertical-align: baseline; background: transparent;\">&#8220;Nous sommes immens\u00e9ment fiers de travailler en \u00e9troite collaboration avec un UCI WorldTeam et de faire partie d&#8217;une \u00e9volution aussi incroyable au cours des derni\u00e8res ann\u00e9es. Le fait que nous ayons r\u00e9ussi \u00e0 attirer r\u00e9guli\u00e8rement l&#8217;attention sur nous et \u00e0 nous imposer sur la sc\u00e8ne des courses nous rend tr\u00e8s optimistes pour l&#8217;avenir. De plus, les coureurs nous fournissent un retour d&#8217;information inestimable qui se r\u00e9percute directement sur notre processus de d\u00e9veloppement, ce qui profite \u00e0 la fois \u00e0 nous et \u00e0 nos v\u00e9los de route et de contre-la-montre. Ce dialogue a \u00e9t\u00e9 essentiel pour affiner encore davantage nos mod\u00e8les de route. Il nous permet d&#8217;offrir \u00e0 nos clients des v\u00e9los haut de gamme test\u00e9s par les professionnels eux-m\u00eames sur les parcours des courses les plus l\u00e9gendaires du monde. Ce partenariat a d\u00e9j\u00e0 abouti \u00e0 de nombreux d\u00e9parts de Grand Tour et \u00e0 des victoires historiques, dont celle de Biniam Girmay \u00e0 Gand-Wevelgem, ainsi qu&#8217;\u00e0 d&#8217;autres grandes classiques. Nous sommes impatients de voir ce que les prochaines ann\u00e9es nous r\u00e9servent et de continuer \u00e0 \u00e9crire cette incroyable histoire \u00e0 succ\u00e8s&#8221;.<\/p>\n<\/blockquote>\n<p style=\"margin-bottom: 0px; padding-bottom: 1em; border: 0px; outline: 0px; font-size: 18px; text-size-adjust: 100%; vertical-align: baseline; background-image: initial; background-position: initial; background-size: initial; background-repeat: initial; background-attachment: initial; background-origin: initial; background-clip: initial; color: rgb(0, 0, 0); font-family: \"Roboto Condensed\", Helvetica, Arial, Lucida, sans-serif;\">Ce partenariat de longue date a \u00e9galement contribu\u00e9 \u00e0 transformer le portefeuille de CUBE. Chaque cadre accr\u00e9dit\u00e9 par l&#8217;UCI est le fruit d&#8217;une R&amp;D pouss\u00e9e men\u00e9e par CUBE dans son laboratoire de carbone interne, avec des tests en soufflerie \u00e0 chaque \u00e9tape de la conception et de la production. Le processus de d\u00e9veloppement de CUBE s&#8217;appuie sur des tests \u00e0 long terme d&#8217;une large gamme de fibres de carbone et de couches pour cr\u00e9er des produits qui incluent son guidon et sa potence int\u00e9gr\u00e9s en une seule pi\u00e8ce. Le retour d&#8217;information direct et inestimable des athl\u00e8tes professionnels est la norme pour le d\u00e9veloppement de tous les v\u00e9los destin\u00e9s aux clients finaux. Le Litening C:68X est le v\u00e9lo de route l\u00e9ger \u00e0 cadre en carbone de CUBE, construit \u00e0 partir du mat\u00e9riau haut de gamme C:68X et con\u00e7u pour offrir des performances a\u00e9rodynamiques maximales. L&#8217;Aerium TT, enti\u00e8rement accr\u00e9dit\u00e9 par l&#8217;UCI et dot\u00e9 d&#8217;une technologie sophistiqu\u00e9e de r\u00e9duction de la tra\u00een\u00e9e a\u00e9rodynamique, a \u00e9t\u00e9 d\u00e9velopp\u00e9 sp\u00e9cifiquement pour les sp\u00e9cialistes du contre-la-montre. D&#8217;autres projets innovants sont en cours d&#8217;\u00e9laboration et viendront s&#8217;ajouter \u00e0 la gamme de produits. <\/p>\n<p style=\"margin-bottom: 0px; border: 0px; outline: 0px; font-size: 18px; text-size-adjust: 100%; vertical-align: baseline; background-image: initial; background-position: initial; background-size: initial; background-repeat: initial; background-attachment: initial; background-origin: initial; background-clip: initial; color: rgb(0, 0, 0); font-family: \"Roboto Condensed\", Helvetica, Arial, Lucida, sans-serif;\">Jean-Fran\u00e7ois Bourlart (PDG d&#8217;Intermarch\u00e9-Wanty-Gobert Mat\u00e9riaux) :<\/p>\n<blockquote style=\"margin-top: 20px; margin-bottom: 30px; padding-top: 0px; padding-bottom: 0px; padding-left: 20px; border-width: 0px 0px 0px 5px; border-top-style: initial; border-right-style: initial; border-bottom-style: initial; border-left-style: solid; border-color: rgb(224, 43, 32); border-image: initial; outline: 0px; font-size: 18px; text-size-adjust: 100%; vertical-align: baseline; background-image: initial; background-position: initial; background-size: initial; background-repeat: initial; background-attachment: initial; background-origin: initial; background-clip: initial; quotes: none; color: rgb(0, 0, 0); font-family: \"Roboto Condensed\", Helvetica, Arial, Lucida, sans-serif; font-style: normal;\">\n<p style=\"border: 0px; outline: 0px; font-size: 18px; text-size-adjust: 100%; vertical-align: baseline; background: transparent;\">&#8221; Je suis honor\u00e9 de prolonger cette relation qui a d\u00e9but\u00e9 en 2015 avec CUBE, son fondateur Marcus P\u00fcrner, Chris Archer et leurs \u00e9quipes. La marque CUBE a grandi tout comme l&#8217;\u00e9quipe, en visant constamment l&#8217;excellence tout en conservant ses valeurs familiales fondamentales. Les grandes r\u00e9alisations de notre \u00e9quipe ont \u00e9t\u00e9 rendues possibles gr\u00e2ce \u00e0 la qualit\u00e9 des v\u00e9los, d\u00e9velopp\u00e9s en \u00e9troite collaboration avec leurs ing\u00e9nieurs, notre \u00e9quipe de performance et les commentaires de nos coureurs. Avec le CUBE Litening C:68X, nous disposons d&#8217;un des meilleurs v\u00e9los du march\u00e9 et d&#8217;un atout ind\u00e9niable quel que soit le profil de la course. En prolongeant ce partenariat historique, nous continuons \u00e0 \u00e9crire ce chapitre commun d\u00e9j\u00e0 riche de succ\u00e8s prestigieux qui s&#8217;enrichiront encore dans les mois et les ann\u00e9es \u00e0 venir, j&#8217;en suis s\u00fbr. Au cours des trois prochaines ann\u00e9es, je suis convaincu que CUBE et Intermarch\u00e9-Wanty-Gobert continueront \u00e0 grandir c\u00f4te \u00e0 c\u00f4te pour s&#8217;imposer comme une r\u00e9f\u00e9rence mondiale, gr\u00e2ce \u00e0 une volont\u00e9 permanente d&#8217;innovation et de d\u00e9veloppement. Je suis \u00e9galement ravi que CUBE nous apporte son soutien dans nos diff\u00e9rents projets, comme l&#8217;\u00e9quipe de cyclo-cross depuis 2020, o\u00f9 nous avons d\u00e9j\u00e0 remport\u00e9 de grands succ\u00e8s, mais aussi avec nos nouvelles \u00e9quipes D\u00e9veloppement et F\u00e9minine \u00e0 partir de 2023.&#8221;<\/p>\n<\/blockquote>\n\t\t\t\t\t\t\t\t<\/div>\n\t\t\t\t<\/div>\n\t\t\t\t\t<\/div>\n\t\t\t\t<\/div>\n\t\t\t\t<\/div>\n\t\t","protected":false},"excerpt":{"rendered":"<p>Le fabricant de v\u00e9los allemand et l&#8217;UCI WorldTeam belge prolongent leur partenariat, entam\u00e9 en 2015, pour trois ann\u00e9es suppl\u00e9mentaires. CUBE et Intermarch\u00e9-Wanty-Gobert Mat\u00e9riaux annoncent la&#8230;<\/p>\n","protected":false},"author":1,"featured_media":12063,"comment_status":"closed","ping_status":"closed","sticky":false,"template":"","format":"standard","meta":{"footnotes":""},"categories":[16225],"tags":[],"class_list":["post-12213","post","type-post","status-publish","format-standard","has-post-thumbnail","hentry","category-actualites"],"_links":{"self":[{"href":"https:\/\/cube-bikes.ca\/fr\/wp-json\/wp\/v2\/posts\/12213","targetHints":{"allow":["GET"]}}],"collection":[{"href":"https:\/\/cube-bikes.ca\/fr\/wp-json\/wp\/v2\/posts"}],"about":[{"href":"https:\/\/cube-bikes.ca\/fr\/wp-json\/wp\/v2\/types\/post"}],"author":[{"embeddable":true,"href":"https:\/\/cube-bikes.ca\/fr\/wp-json\/wp\/v2\/users\/1"}],"replies":[{"embeddable":true,"href":"https:\/\/cube-bikes.ca\/fr\/wp-json\/wp\/v2\/comments?post=12213"}],"version-history":[{"count":4,"href":"https:\/\/cube-bikes.ca\/fr\/wp-json\/wp\/v2\/posts\/12213\/revisions"}],"predecessor-version":[{"id":12267,"href":"https:\/\/cube-bikes.ca\/fr\/wp-json\/wp\/v2\/posts\/12213\/revisions\/12267"}],"wp:featuredmedia":[{"embeddable":true,"href":"https:\/\/cube-bikes.ca\/fr\/wp-json\/wp\/v2\/media\/12063"}],"wp:attachment":[{"href":"https:\/\/cube-bikes.ca\/fr\/wp-json\/wp\/v2\/media?parent=12213"}],"wp:term":[{"taxonomy":"category","embeddable":true,"href":"https:\/\/cube-bikes.ca\/fr\/wp-json\/wp\/v2\/categories?post=12213"},{"taxonomy":"post_tag","embeddable":true,"href":"https:\/\/cube-bikes.ca\/fr\/wp-json\/wp\/v2\/tags?post=12213"}],"curies":[{"name":"wp","href":"https:\/\/api.w.org\/{rel}","templated":true}]}}