{"id":12196,"date":"2022-05-25T05:34:00","date_gmt":"2022-05-25T05:34:00","guid":{"rendered":"https:\/\/50d306ed0c.nxcli.io\/victoire-detape-pour-jan-hirt-au-giro-ditalia\/"},"modified":"2024-05-23T13:27:30","modified_gmt":"2024-05-23T13:27:30","slug":"victoire-detape-pour-jan-hirt-au-giro-ditalia","status":"publish","type":"post","link":"https:\/\/cube-bikes.ca\/fr\/victoire-detape-pour-jan-hirt-au-giro-ditalia\/","title":{"rendered":"Victoire d&#8217;\u00e9tape pour Jan Hirt au Giro d&#8217;Italia"},"content":{"rendered":"\t\t<div data-elementor-type=\"wp-post\" data-elementor-id=\"12196\" class=\"elementor elementor-12196 elementor-10091\">\n\t\t\t\t<div class=\"elementor-element elementor-element-b60a76c e-flex e-con-boxed e-con e-parent\" data-id=\"b60a76c\" data-element_type=\"container\">\n\t\t\t\t\t<div class=\"e-con-inner\">\n\t\t\t\t<div class=\"elementor-element elementor-element-b058eea elementor-widget elementor-widget-text-editor\" data-id=\"b058eea\" data-element_type=\"widget\" data-widget_type=\"text-editor.default\">\n\t\t\t\t<div class=\"elementor-widget-container\">\n\t\t\t\t\t\t\t\t\t<p style=\"margin-bottom: 0px; padding-bottom: 1em; border: 0px; outline: 0px; font-size: 18px; text-size-adjust: 100%; vertical-align: baseline; background-image: initial; background-position: initial; background-size: initial; background-repeat: initial; background-attachment: initial; background-origin: initial; background-clip: initial; color: rgb(0, 0, 0); font-family: \"Roboto Condensed\", Helvetica, Arial, Lucida, sans-serif;\">Le&nbsp; Giro<b style=\"border: 0px; outline: 0px; text-size-adjust: 100%; vertical-align: baseline; background: transparent;\">d&#8217;Italia<\/b>&nbsp;d&#8217;Intermarch\u00e9-Wanty-Gobert Mat\u00e9riaux s&#8217;est encore embelli ce mardi gr\u00e2ce \u00e0 la victoire de&nbsp;<b style=\"border: 0px; outline: 0px; text-size-adjust: 100%; vertical-align: baseline; background: transparent;\">Jan Hirt<\/b>&nbsp;dans la seizi\u00e8me \u00e9tape entre Salo et Aprica, une semaine exactement apr\u00e8s le succ\u00e8s de Biniam Girmay \u00e0 Jesi.<\/p>\n<p style=\"margin-bottom: 0px; padding-bottom: 1em; border: 0px; outline: 0px; font-size: 18px; text-size-adjust: 100%; vertical-align: baseline; background-image: initial; background-position: initial; background-size: initial; background-repeat: initial; background-attachment: initial; background-origin: initial; background-clip: initial; color: rgb(0, 0, 0); font-family: \"Roboto Condensed\", Helvetica, Arial, Lucida, sans-serif;\">Avec plus de 5000 m\u00e8tres de d\u00e9nivel\u00e9, c&#8217;\u00e9tait l&#8217;une des \u00e9tapes importantes de cette 105\u00e8me \u00e9dition avec notamment le Passo del Mortirolo, l&#8217;une des ascensions mythiques de l&#8217;\u00e9preuve.<\/p>\n<p style=\"margin-bottom: 0px; padding-bottom: 1em; border: 0px; outline: 0px; font-size: 18px; text-size-adjust: 100%; vertical-align: baseline; background-image: initial; background-position: initial; background-size: initial; background-repeat: initial; background-attachment: initial; background-origin: initial; background-clip: initial; color: rgb(0, 0, 0); font-family: \"Roboto Condensed\", Helvetica, Arial, Lucida, sans-serif;\">Le vainqueur du Tour d&#8217;Oman a rejoint une \u00e9chapp\u00e9e de 22 coureurs avec Lorenzo Rota et s&#8217;est battu pendant longtemps pour augmenter son avantage. L&#8217;\u00e9cart a d\u00e9pass\u00e9 les 4 minutes sous l&#8217;impulsion de Lorenzo Rota dans la descente du Goletto di Cadino (19km \u00e0 6,2%).<\/p>\n<p style=\"margin-bottom: 0px; padding-bottom: 1em; border: 0px; outline: 0px; font-size: 18px; text-size-adjust: 100%; vertical-align: baseline; background-image: initial; background-position: initial; background-size: initial; background-repeat: initial; background-attachment: initial; background-origin: initial; background-clip: initial; color: rgb(0, 0, 0); font-family: \"Roboto Condensed\", Helvetica, Arial, Lucida, sans-serif;\">A mi-parcours de cette \u00e9tape de 202 kilom\u00e8tres, le Passo del Mortirolo (12,7 km \u00e0 7,7 %) a caus\u00e9 beaucoup de d\u00e9g\u00e2ts dans l&#8217;\u00e9chapp\u00e9e et dans le peloton. Alors que Jan Hirt a franchi le sommet en t\u00eate de la course avec six autres coureurs, Rein Taaram\u00e4e et Domenico Pozzovivo ont suivi le groupe maglia rosa. Les sept leaders ont maintenu leur avance, ce qui leur a permis de se battre pour la victoire d&#8217;\u00e9tape dans la mont\u00e9e finale Valico di Santa Cristina (12,7 km \u00e0 8,1 %). Jan Hirt a laiss\u00e9 ses concurrents derri\u00e8re lui dans la partie la plus raide de la mont\u00e9e et a franchi le sommet avec une avance de 15 secondes sur son premier poursuivant.<\/p>\n<p style=\"margin-bottom: 0px; padding-bottom: 1em; border: 0px; outline: 0px; font-size: 18px; text-size-adjust: 100%; vertical-align: baseline; background-image: initial; background-position: initial; background-size: initial; background-repeat: initial; background-attachment: initial; background-origin: initial; background-clip: initial; color: rgb(0, 0, 0); font-family: \"Roboto Condensed\", Helvetica, Arial, Lucida, sans-serif;\">Le coureur tch\u00e8que a r\u00e9sist\u00e9 \u00e0 ses poursuivants pendant la descente de 8 kilom\u00e8tres sur route mouill\u00e9e et a franchi la ligne en vainqueur, remportant ainsi la neuvi\u00e8me victoire de la saison pour l&#8217;\u00e9quipe belge. Gr\u00e2ce \u00e0 sa premi\u00e8re victoire d&#8217;\u00e9tape en Grand Tour, Hirt se hisse \u00e0 la neuvi\u00e8me place du classement provisoire. Malgr\u00e9 une chute dans la descente du Mortirolo, Domenico Pozzovivo s&#8217;est courageusement battu jusqu&#8217;\u00e0 la ligne pour rester dans les six premiers du classement provisoire.<\/p>\n<p style=\"margin-bottom: 0px; border: 0px; outline: 0px; font-size: 18px; text-size-adjust: 100%; vertical-align: baseline; background-image: initial; background-position: initial; background-size: initial; background-repeat: initial; background-attachment: initial; background-origin: initial; background-clip: initial; color: rgb(0, 0, 0); font-family: \"Roboto Condensed\", Helvetica, Arial, Lucida, sans-serif;\"><b style=\"border: 0px; outline: 0px; text-size-adjust: 100%; vertical-align: baseline; background: transparent;\">Jan Hirt :<\/b><br \/><i style=\"border: 0px; outline: 0px; text-size-adjust: 100%; vertical-align: baseline; background: transparent;\">&#8221; J&#8217;avais envie de faire quelque chose de bien dans cette \u00e9tape, car le Mortirolo a une signification particuli\u00e8re pour moi. En 2019, j&#8217;ai termin\u00e9 deuxi\u00e8me de l&#8217;\u00e9tape reine qui passait \u00e9galement par le Mortirolo et \u00e0 Aprica. Je voulais r\u00e9it\u00e9rer cette performance et tout a bien commenc\u00e9 puisque j&#8217;ai r\u00e9ussi \u00e0 anticiper en rejoignant l&#8217;\u00e9chapp\u00e9e. Cependant, tout ne s&#8217;est pas d\u00e9roul\u00e9 comme pr\u00e9vu. Tout d&#8217;abord, j&#8217;ai d\u00fb r\u00e9duire l&#8217;\u00e9cart sur le Mortirolo \u00e0 cause de la mauvaise coop\u00e9ration dans l&#8217;\u00e9chapp\u00e9e avant la mont\u00e9e. Lorsque j&#8217;ai repris la t\u00eate de la course, j&#8217;ai pr\u00e9vu d&#8217;attaquer dans la partie la plus raide de l&#8217;ascension finale, Santa Christina. Mais pendant ce temps, Lennard K\u00e4mna avait d\u00e9j\u00e0 pris un avantage important avant le pied de l&#8217;ascension. Finalement, attendre les pourcentages les plus \u00e9lev\u00e9s de la mont\u00e9e \u00e9tait la meilleure strat\u00e9gie pour moi. J&#8217;ai d\u00fb creuser tr\u00e8s profond, tant en mont\u00e9e qu&#8217;en descente. J&#8217;ai surmont\u00e9 plusieurs obstacles et j&#8217;ai ressenti des douleurs partout, mais mon d\u00e9sir de gagner cette \u00e9tape \u00e9tait si fort. Je me suis battu jusqu&#8217;\u00e0 la ligne d&#8217;arriv\u00e9e et j&#8217;ai gagn\u00e9 ! Une victoire d&#8217;\u00e9tape dans le Giro d&#8217;Italia \u00e9tait mon objectif ultime avant aujourd&#8217;hui&#8230; Mais maintenant que je suis sur le podium, je suis convaincu que ma carri\u00e8re est inachev\u00e9e !<\/i><\/p>\n\t\t\t\t\t\t\t\t<\/div>\n\t\t\t\t<\/div>\n\t\t\t\t\t<\/div>\n\t\t\t\t<\/div>\n\t\t\t\t<\/div>\n\t\t","protected":false},"excerpt":{"rendered":"<p>Le&nbsp; Girod&#8217;Italia&nbsp;d&#8217;Intermarch\u00e9-Wanty-Gobert Mat\u00e9riaux s&#8217;est encore embelli ce mardi gr\u00e2ce \u00e0 la victoire de&nbsp;Jan Hirt&nbsp;dans la seizi\u00e8me \u00e9tape entre Salo et Aprica, une semaine exactement apr\u00e8s&#8230;<\/p>\n","protected":false},"author":1,"featured_media":12066,"comment_status":"closed","ping_status":"closed","sticky":false,"template":"","format":"standard","meta":{"footnotes":""},"categories":[16225],"tags":[],"class_list":["post-12196","post","type-post","status-publish","format-standard","has-post-thumbnail","hentry","category-actualites"],"_links":{"self":[{"href":"https:\/\/cube-bikes.ca\/fr\/wp-json\/wp\/v2\/posts\/12196","targetHints":{"allow":["GET"]}}],"collection":[{"href":"https:\/\/cube-bikes.ca\/fr\/wp-json\/wp\/v2\/posts"}],"about":[{"href":"https:\/\/cube-bikes.ca\/fr\/wp-json\/wp\/v2\/types\/post"}],"author":[{"embeddable":true,"href":"https:\/\/cube-bikes.ca\/fr\/wp-json\/wp\/v2\/users\/1"}],"replies":[{"embeddable":true,"href":"https:\/\/cube-bikes.ca\/fr\/wp-json\/wp\/v2\/comments?post=12196"}],"version-history":[{"count":2,"href":"https:\/\/cube-bikes.ca\/fr\/wp-json\/wp\/v2\/posts\/12196\/revisions"}],"predecessor-version":[{"id":12202,"href":"https:\/\/cube-bikes.ca\/fr\/wp-json\/wp\/v2\/posts\/12196\/revisions\/12202"}],"wp:featuredmedia":[{"embeddable":true,"href":"https:\/\/cube-bikes.ca\/fr\/wp-json\/wp\/v2\/media\/12066"}],"wp:attachment":[{"href":"https:\/\/cube-bikes.ca\/fr\/wp-json\/wp\/v2\/media?parent=12196"}],"wp:term":[{"taxonomy":"category","embeddable":true,"href":"https:\/\/cube-bikes.ca\/fr\/wp-json\/wp\/v2\/categories?post=12196"},{"taxonomy":"post_tag","embeddable":true,"href":"https:\/\/cube-bikes.ca\/fr\/wp-json\/wp\/v2\/tags?post=12196"}],"curies":[{"name":"wp","href":"https:\/\/api.w.org\/{rel}","templated":true}]}}