{"id":12140,"date":"2022-11-07T05:09:00","date_gmt":"2022-11-07T05:09:00","guid":{"rendered":"https:\/\/50d306ed0c.nxcli.io\/lauren-molengraaf-championne-deurope-junior-de-cross-race-c68x\/"},"modified":"2024-05-23T13:26:54","modified_gmt":"2024-05-23T13:26:54","slug":"lauren-molengraaf-championne-deurope-junior-de-cross-race-c68x","status":"publish","type":"post","link":"https:\/\/cube-bikes.ca\/fr\/lauren-molengraaf-championne-deurope-junior-de-cross-race-c68x\/","title":{"rendered":"Lauren Molengraaf Championne d&#8217;Europe junior de cross race C:68X"},"content":{"rendered":"\t\t<div data-elementor-type=\"wp-post\" data-elementor-id=\"12140\" class=\"elementor elementor-12140 elementor-10009\">\n\t\t\t\t<div class=\"elementor-element elementor-element-b60a76c e-flex e-con-boxed e-con e-parent\" data-id=\"b60a76c\" data-element_type=\"container\">\n\t\t\t\t\t<div class=\"e-con-inner\">\n\t\t\t\t<div class=\"elementor-element elementor-element-54237c8 elementor-widget elementor-widget-text-editor\" data-id=\"54237c8\" data-element_type=\"widget\" data-widget_type=\"text-editor.default\">\n\t\t\t\t<div class=\"elementor-widget-container\">\n\t\t\t\t\t\t\t\t\t<p><em style=\"border: 0px; outline: 0px; font-size: 18px; text-size-adjust: 100%; vertical-align: baseline; background-image: initial; background-position: initial; background-size: initial; background-repeat: initial; background-attachment: initial; background-origin: initial; background-clip: initial; color: #000000; font-family: 'Roboto Condensed', Helvetica, Arial, Lucida, sans-serif;\">Ce samedi, Lauren Molengraaf est devenue championne d&#8217;Europe de cyclocross dans la cat\u00e9gorie junior sur le circuit difficile de la Citadelle de Namur (Belgique).<\/em><\/p>\n\t\t\t\t\t\t\t\t<\/div>\n\t\t\t\t<\/div>\n\t\t\t\t<div class=\"elementor-element elementor-element-b058eea elementor-widget elementor-widget-text-editor\" data-id=\"b058eea\" data-element_type=\"widget\" data-widget_type=\"text-editor.default\">\n\t\t\t\t<div class=\"elementor-widget-container\">\n\t\t\t\t\t\t\t\t\t<p style=\"margin-bottom: 0px; padding-bottom: 1em; border: 0px; outline: 0px; font-size: 18px; text-size-adjust: 100%; vertical-align: baseline; background-image: initial; background-position: initial; background-size: initial; background-repeat: initial; background-attachment: initial; background-origin: initial; background-clip: initial; color: rgb(0, 0, 0); font-family: \"Roboto Condensed\", Helvetica, Arial, Lucida, sans-serif;\">Le jeune pilote n\u00e9erlandais de 17 ans a pris un d\u00e9part prudent, terminant le premier tour en quatri\u00e8me position, \u00e0 treize secondes du trio de t\u00eate. Molengraaf a rattrap\u00e9 ses concurrentes dans le deuxi\u00e8me tour et a acc\u00e9l\u00e9r\u00e9 plusieurs fois en t\u00eate, sans pouvoir distancer l&#8217;Italienne Valentina Corvi et la Belge Xaydee Van Sinaey, qui ont entam\u00e9 le dernier tour ensemble. La bataille passionnante s&#8217;est termin\u00e9e par une victoire de Molengraaf, plus rapide que Corvi dans les derniers hectom\u00e8tres, offrant \u00e0 l&#8217;\u00e9quipe Tormans Cyclo Cross le deuxi\u00e8me titre europ\u00e9en d&#8217;affil\u00e9e apr\u00e8s le succ\u00e8s de Zoe B\u00e4ckstedt l&#8217;ann\u00e9e derni\u00e8re.<\/p>\n<p style=\"margin-bottom: 0px; padding-bottom: 1em; border: 0px; outline: 0px; font-size: 18px; text-size-adjust: 100%; vertical-align: baseline; background-image: initial; background-position: initial; background-size: initial; background-repeat: initial; background-attachment: initial; background-origin: initial; background-clip: initial; color: rgb(0, 0, 0); font-family: \"Roboto Condensed\", Helvetica, Arial, Lucida, sans-serif;\">&#8220;Je suis particuli\u00e8rement fier de ce titre car je l&#8217;ai remport\u00e9 au terme d&#8217;une course difficile. En tant que favori de la course, j&#8217;avais une certaine pression et je pense que c&#8217;est la raison pour laquelle j&#8217;ai pris un mauvais d\u00e9part. Mais malgr\u00e9 cela, j&#8217;ai r\u00e9ussi \u00e0 prendre la t\u00eate de la course. Valentina Corvi \u00e9tait une concurrente de taille, nous avons livr\u00e9 une bataille passionnante. C&#8217;est pourquoi il est si agr\u00e9able de remporter la m\u00e9daille d&#8217;or. Je veux profiter de ce nouveau maillot autant que possible en attendant mes prochains objectifs, les Coupes du monde et les Championnats du monde dans mon pays&#8221;, a d\u00e9clar\u00e9 la nouvelle championne d&#8217;Europe.<\/p>\n<p style=\"margin-bottom: 0px; border: 0px; outline: 0px; font-size: 18px; text-size-adjust: 100%; vertical-align: baseline; background-image: initial; background-position: initial; background-size: initial; background-repeat: initial; background-attachment: initial; background-origin: initial; background-clip: initial; color: rgb(0, 0, 0); font-family: \"Roboto Condensed\", Helvetica, Arial, Lucida, sans-serif;\">Trois de ses co\u00e9quipiers se sont \u00e9galement class\u00e9s dans le top 10 : Arne Baers (Belgique) a pris la 10\u00e8me place dans la cat\u00e9gorie U23 &#8211; bien qu&#8217;il ait chut\u00e9 au d\u00e9but de la course. La Luxembourgeoise Marie Schreiber a manqu\u00e9 de peu le podium dans la cat\u00e9gorie U23 avec une 4e place. Dans la course \u00e9lite masculine, le Suisse Kevin Kuhn a termin\u00e9 \u00e0 la 5e place, tandis que Quinten Hermans a abandonn\u00e9 \u00e0 la suite d&#8217;une chute.<\/p>\n\t\t\t\t\t\t\t\t<\/div>\n\t\t\t\t<\/div>\n\t\t\t\t\t<\/div>\n\t\t\t\t<\/div>\n\t\t\t\t<\/div>\n\t\t","protected":false},"excerpt":{"rendered":"<p>Ce samedi, Lauren Molengraaf est devenue championne d&#8217;Europe de cyclocross dans la cat\u00e9gorie junior sur le circuit difficile de la Citadelle de Namur (Belgique). Le&#8230;<\/p>\n","protected":false},"author":1,"featured_media":12054,"comment_status":"closed","ping_status":"closed","sticky":false,"template":"","format":"standard","meta":{"footnotes":""},"categories":[16225],"tags":[],"class_list":["post-12140","post","type-post","status-publish","format-standard","has-post-thumbnail","hentry","category-actualites"],"_links":{"self":[{"href":"https:\/\/cube-bikes.ca\/fr\/wp-json\/wp\/v2\/posts\/12140","targetHints":{"allow":["GET"]}}],"collection":[{"href":"https:\/\/cube-bikes.ca\/fr\/wp-json\/wp\/v2\/posts"}],"about":[{"href":"https:\/\/cube-bikes.ca\/fr\/wp-json\/wp\/v2\/types\/post"}],"author":[{"embeddable":true,"href":"https:\/\/cube-bikes.ca\/fr\/wp-json\/wp\/v2\/users\/1"}],"replies":[{"embeddable":true,"href":"https:\/\/cube-bikes.ca\/fr\/wp-json\/wp\/v2\/comments?post=12140"}],"version-history":[{"count":4,"href":"https:\/\/cube-bikes.ca\/fr\/wp-json\/wp\/v2\/posts\/12140\/revisions"}],"predecessor-version":[{"id":12171,"href":"https:\/\/cube-bikes.ca\/fr\/wp-json\/wp\/v2\/posts\/12140\/revisions\/12171"}],"wp:featuredmedia":[{"embeddable":true,"href":"https:\/\/cube-bikes.ca\/fr\/wp-json\/wp\/v2\/media\/12054"}],"wp:attachment":[{"href":"https:\/\/cube-bikes.ca\/fr\/wp-json\/wp\/v2\/media?parent=12140"}],"wp:term":[{"taxonomy":"category","embeddable":true,"href":"https:\/\/cube-bikes.ca\/fr\/wp-json\/wp\/v2\/categories?post=12140"},{"taxonomy":"post_tag","embeddable":true,"href":"https:\/\/cube-bikes.ca\/fr\/wp-json\/wp\/v2\/tags?post=12140"}],"curies":[{"name":"wp","href":"https:\/\/api.w.org\/{rel}","templated":true}]}}